{"id":21152,"date":"2026-09-05T14:02:15","date_gmt":"2026-09-05T12:02:15","guid":{"rendered":"https:\/\/meiser-tv.de\/medienkritik\/demonstration-gegen-schliessung-des-russischen-hauses-in-berlin\/"},"modified":"2026-09-05T14:02:15","modified_gmt":"2026-09-05T12:02:15","slug":"demonstration-gegen-schliessung-des-russischen-hauses-in-berlin","status":"publish","type":"post","link":"https:\/\/meiser-tv.de\/en\/medienkritik\/demonstration-gegen-schliessung-des-russischen-hauses-in-berlin\/","title":{"rendered":"Demonstration gegen Schlie\u00dfung des Russischen Hauses in Berlin"},"content":{"rendered":"<div>\n<p class=\"wp-block-paragraph\">Unter dem Motto \u201eBr\u00fccken statt Mauern\u201c haben in Berlin mehrere Hundert Mernschen gegen die angek\u00fcndigte Schlie\u00dfung des Russischen Hauses protestiert. Zu der Kundgebung hatte das BSW aufgerufen.<\/p>\n<p class=\"wp-block-paragraph\">Die BSW-Politiker Sevim Da\u011fdelen und Alexander King kritisierten die Entscheidung der Bundesregierung scharf und stellten insbesondere die Beweislage zum Drohnenvorfall am Flughafen Leipzig\/Halle sowie zu den gegen das russische Kulturzentrum erhobenen Spionagevorw\u00fcrfen infrage. Das BSW bezeichnete die Schlie\u00dfung als einen Schritt zu \u201eweiterer Entfremdung\u201c und \u201eweiterer Eskalation\u201c. \u00c4hnlich hatte sich zuvor der AfD-Bundestagsabgeordnete Rainer Rothfu\u00df ge\u00e4u\u00dfert.<\/p>\n<p class=\"wp-block-paragraph\">Der russische Botschafter in Deutschland, Sergej Netschajew, bezeichnete den Drohnenvorfall erneut als eine Provokation und erkl\u00e4rte, die deutsch-russischen Beziehungen h\u00e4tten durch die Ma\u00dfnahmen der Bundesregierung inzwischen einen weiteren \u201eTiefpunkt\u201c erreicht. Er \u00e4u\u00dferte zugleich die Hoffnung, dass sich in der deutschen Politik wieder Vernunft durchsetzen werde.<\/p>\n<p><strong>Beitrag:<\/strong> <a target=\"_blank\" rel=\"noopener noreferrer\" href=\"https:\/\/deutschlandkurier.de\/2026\/09\/demonstration-gegen-schliessung-des-russischen-hauses-in-berlin\/\">Demonstration gegen Schlie\u00dfung des Russischen Hauses in Berlin<\/a> <br><strong>Quelle:<\/strong> Deutschland-Kurier.<\/p>\n<\/div>","protected":false},"excerpt":{"rendered":"<div>\n<p>Unter dem Motto \u201eBr\u00fccken statt Mauern\u201c haben in Berlin mehrere Hundert Mernschen gegen die angek\u00fcndigte Schlie\u00dfung des Russischen Hauses protestiert. Zu der Kundgebung hatte das BSW aufgerufen. Die BSW-Politiker Sevim Da\u011fdelen und Alexander King kritisierten die Entscheidung der Bundesregierung scharf und stellten insbesondere die Beweislage zum Drohnenvorfall am Flughafen Leipzig\/Halle sowie zu den gegen das [\u2026]<\/p>\n<p>The post <a href=\"https:\/\/deutschlandkurier.de\/2026\/09\/demonstration-gegen-schliessung-des-russischen-hauses-in-berlin\/\">Demonstration gegen Schlie\u00dfung des Russischen Hauses in Berlin<\/a> appeared first on <a href=\"https:\/\/deutschlandkurier.de\/\">Deutschland-Kurier<\/a>.<\/p>\n<\/div>\n","protected":false},"author":1,"featured_media":4846,"comment_status":"closed","ping_status":"closed","sticky":false,"template":"","format":"standard","meta":{"_gspb_post_css":"","_uag_custom_page_level_css":"","fifu_image_url":"","fifu_image_alt":"","footnotes":""},"categories":[17],"tags":[],"class_list":["post-21152","post","type-post","status-publish","format-standard","has-post-thumbnail","hentry","category-medienkritik"],"blocksy_meta":{"styles_descriptor":{"styles":{"desktop":"","tablet":"","mobile":""},"google_fonts":[],"version":8}},"uagb_featured_image_src":{"full":["https:\/\/mleexelnfod5.i.optimole.com\/w:auto\/h:auto\/q:mauto\/f:best\/https:\/\/i2.wp.com\/meiser-tv.de\/wp-content\/uploads\/2026\/05\/RSS-Hintergrund.jpg?w=1920&fit=1920,1080&ssl=1",1920,1080,true],"thumbnail":["https:\/\/mleexelnfod5.i.optimole.com\/w:auto\/h:auto\/q:mauto\/f:best\/https:\/\/i2.wp.com\/meiser-tv.de\/wp-content\/uploads\/2026\/05\/RSS-Hintergrund.jpg?w=150&resize=150,150&ssl=1",150,150,true],"medium":["https:\/\/mleexelnfod5.i.optimole.com\/w:auto\/h:auto\/q:mauto\/f:best\/https:\/\/i2.wp.com\/meiser-tv.de\/wp-content\/uploads\/2026\/05\/RSS-Hintergrund.jpg?w=300&fit=300,300&ssl=1",300,300,true],"medium_large":["https:\/\/mleexelnfod5.i.optimole.com\/w:auto\/h:auto\/q:mauto\/f:best\/https:\/\/i2.wp.com\/meiser-tv.de\/wp-content\/uploads\/2026\/05\/RSS-Hintergrund.jpg?w=768&resize=768,0&ssl=1",768,0,true],"large":["https:\/\/mleexelnfod5.i.optimole.com\/w:auto\/h:auto\/q:mauto\/f:best\/https:\/\/i2.wp.com\/meiser-tv.de\/wp-content\/uploads\/2026\/05\/RSS-Hintergrund.jpg?w=1024&fit=1024,1024&ssl=1",1024,1024,true],"1536x1536":["https:\/\/mleexelnfod5.i.optimole.com\/w:auto\/h:auto\/q:mauto\/f:best\/https:\/\/i2.wp.com\/meiser-tv.de\/wp-content\/uploads\/2026\/05\/RSS-Hintergrund.jpg?w=1536&fit=1536,1536&ssl=1",1536,1536,true],"2048x2048":["https:\/\/mleexelnfod5.i.optimole.com\/w:auto\/h:auto\/q:mauto\/f:best\/https:\/\/i2.wp.com\/meiser-tv.de\/wp-content\/uploads\/2026\/05\/RSS-Hintergrund.jpg?w=2048&fit=2048,2048&ssl=1",2048,2048,true],"trp-custom-language-flag":["https:\/\/mleexelnfod5.i.optimole.com\/w:auto\/h:auto\/q:mauto\/f:best\/https:\/\/i2.wp.com\/meiser-tv.de\/wp-content\/uploads\/2026\/05\/RSS-Hintergrund.jpg?w=18&fit=18,12&ssl=1",18,12,true]},"uagb_author_info":{"display_name":"admin","author_link":"https:\/\/meiser-tv.de\/en\/author\/admin\/"},"uagb_comment_info":0,"uagb_excerpt":"Unter dem Motto \u201eBr\u00fccken statt Mauern\u201c haben in Berlin mehrere Hundert Mernschen gegen die angek\u00fcndigte Schlie\u00dfung des Russischen Hauses protestiert. Zu der Kundgebung hatte das BSW aufgerufen. Die BSW-Politiker Sevim Da\u011fdelen und Alexander King kritisierten die Entscheidung der Bundesregierung scharf und stellten insbesondere die Beweislage zum Drohnenvorfall am Flughafen Leipzig\/Halle sowie zu den gegen das&hellip;","_links":{"self":[{"href":"https:\/\/meiser-tv.de\/en\/wp-json\/wp\/v2\/posts\/21152","targetHints":{"allow":["GET"]}}],"collection":[{"href":"https:\/\/meiser-tv.de\/en\/wp-json\/wp\/v2\/posts"}],"about":[{"href":"https:\/\/meiser-tv.de\/en\/wp-json\/wp\/v2\/types\/post"}],"author":[{"embeddable":true,"href":"https:\/\/meiser-tv.de\/en\/wp-json\/wp\/v2\/users\/1"}],"replies":[{"embeddable":true,"href":"https:\/\/meiser-tv.de\/en\/wp-json\/wp\/v2\/comments?post=21152"}],"version-history":[{"count":0,"href":"https:\/\/meiser-tv.de\/en\/wp-json\/wp\/v2\/posts\/21152\/revisions"}],"wp:featuredmedia":[{"embeddable":true,"href":"https:\/\/meiser-tv.de\/en\/wp-json\/wp\/v2\/media\/4846"}],"wp:attachment":[{"href":"https:\/\/meiser-tv.de\/en\/wp-json\/wp\/v2\/media?parent=21152"}],"wp:term":[{"taxonomy":"category","embeddable":true,"href":"https:\/\/meiser-tv.de\/en\/wp-json\/wp\/v2\/categories?post=21152"},{"taxonomy":"post_tag","embeddable":true,"href":"https:\/\/meiser-tv.de\/en\/wp-json\/wp\/v2\/tags?post=21152"}],"curies":[{"name":"wp","href":"https:\/\/api.w.org\/{rel}","templated":true}]}}