{"id":21156,"date":"2026-09-05T14:03:13","date_gmt":"2026-09-05T12:03:13","guid":{"rendered":"https:\/\/meiser-tv.de\/politik\/trump-moskau-plant-keinen-angriff-auf-nato\/"},"modified":"2026-09-05T14:03:13","modified_gmt":"2026-09-05T12:03:13","slug":"trump-moskau-plant-keinen-angriff-auf-nato","status":"publish","type":"post","link":"https:\/\/meiser-tv.de\/en\/politik\/trump-moskau-plant-keinen-angriff-auf-nato\/","title":{"rendered":"Trump: Moskau plant keinen Angriff auf NATO"},"content":{"rendered":"<div>\n<p>Bei einem Treffen mit Journalisten im Wei\u00dfen Haus hat US-Pr\u00e4sident Donald Trump erkl\u00e4rt, dass Russlands Pr\u00e4sident Wladimir Putin nicht beabsichtige, NATO-Mitgliedstaaten anzugreifen.<\/p>\n<p data-start=\"981\" data-end=\"1231\">&#8222;Ich rede mit ihm. Ich kenne ihn sehr gut. Putin hat keine Pl\u00e4ne, NATO-Territorium anzugreifen&#8220;, sagte Trump. Damit reagierte er auf die Frage eines Reporters, ob die Drohnenvorf\u00e4lle in Deutschland als Angriff auf das B\u00fcndnis gewertet werden k\u00f6nnten.<\/p>\n<p data-start=\"981\" data-end=\"1231\">In der Nacht zum 5. August soll auf dem Flughafen Leipzig\/Halle in der N\u00e4he eines ukrainischen Transportflugzeugs vom Typ An-124 Ruslan eine mit Sprengstoff beladene Drohne entdeckt worden sein. Ein weiteres unbemanntes Flugger\u00e4t soll wenige Minuten nach dem Fund der ersten Drohne mit einem DHL-Frachtflugzeug kollidiert sein. Zehn Tage sp\u00e4ter wurde in der N\u00e4he des Flughafens Leipzig eine dritte Drohne entdeckt.<\/p>\n<p>Deutschland machte Russland f\u00fcr die Vorf\u00e4lle verantwortlich, ohne daf\u00fcr Beweise vorzulegen. Moskau wies den Vorwurf als eine &#8222;in gro\u00dfer Hast inszenierte Provokation&#8220; zur\u00fcck.<\/p>\n<p data-start=\"1824\" data-end=\"2080\">Trump ging bei dem Gespr\u00e4ch im Oval Office au\u00dferdem auf die geplanten Ukraine-Gespr\u00e4che seiner Sondergesandten Steve Witkoff und Jared Kushner in der russischen Hauptstadt ein. &#8222;Wir haben sie dorthin geschickt, um zu pr\u00fcfen, ob wir etwas erreichen k\u00f6nnen.&#8220;<\/p>\n<p>Der US-Pr\u00e4sident f\u00fchrte hierzu aus:<\/p>\n<blockquote data-start=\"2119\" data-end=\"2401\">\n<p data-start=\"2121\" data-end=\"2401\"><em>&#8222;Sie bringen einen Vorschlag zur Beendigung des Krieges mit, denn ich habe acht Kriege beendet. Ich hoffe, Sie sind stolz auf mich. Ich habe acht Kriege beendet, und niemand w\u00fcrdigt diese Leistung. Ich habe acht Kriege beendet, und habe ich daf\u00fcr einen Nobelpreis bekommen? Nein.&#8220;<\/em><\/p>\n<\/blockquote>\n<p>Der Besuch der US-amerikanischen Unterh\u00e4ndler ist f\u00fcr den 5. und 6. September geplant. Sie werden Moskau besuchen und anschlie\u00dfend nach Kiew reisen, wie zahlreiche Medien berichteten.<\/p>\n<p data-start=\"2588\" data-end=\"2903\" data-is-last-node=\"\" data-is-only-node=\"\">Laut der <em data-start=\"2597\" data-end=\"2613\">New York Times<\/em> dauerten die Vorbereitungen f\u00fcr die Reise mehrere Wochen. Washington soll demnach gefordert haben, dass Kiew f\u00fcr die Zeit des US-Besuchs Drohnenangriffe auf Moskau und russische Energieanlagen vor\u00fcbergehend stoppe. Russland sei aufgefordert worden, Raketenangriffe auf Kiew zu unterlassen.<\/p>\n<p><strong>Mehr zum Thema<\/strong>\u00a0\u2012 <a target=\"_blank\" rel=\"noopener noreferrer\" href=\"https:\/\/freedert.online\/europa\/290610-ukraine-wollte-russlands-taktik-auf-dem-schlachtfeld-kopieren\/\">Die Ukraine wollte Russlands Taktik auf dem Schlachtfeld kopieren \u2013 und tappte in eine Falle<\/a><\/p>\n<div class=\"EmbedBlock-root EmbedBlock-externalVideo EmbedBlock-rumble\">\n<div class=\"VkEmbed\"><iframe class=\"lazyload\" data-src=\"https:\/\/rumble.com\/embed\/v7cxhia\" frameborder=\"0\" width=\"853\" height=\"480\" allowfullscreen><\/iframe><\/div>\n<\/p><\/div>\n<\/div>","protected":false},"excerpt":{"rendered":"<p>Bei einem Treffen mit Journalisten im Wei\u00dfen Haus hat US-Pr\u00e4sident Donald Trump erkl\u00e4rt, dass Russlands Pr\u00e4sident Wladimir Putin nicht beabsichtige, NATO-Mitgliedstaaten anzugreifen. &#8222;Ich rede mit ihm. Ich kenne ihn sehr gut. Putin hat keine Pl\u00e4ne, NATO-Territorium anzugreifen&#8220;, sagte Trump. Damit reagierte er auf die Frage eines Reporters, ob die Drohnenvorf\u00e4lle in Deutschland als Angriff auf [&hellip;]<\/p>\n","protected":false},"author":1,"featured_media":4846,"comment_status":"closed","ping_status":"closed","sticky":false,"template":"","format":"standard","meta":{"_gspb_post_css":"","_uag_custom_page_level_css":"","fifu_image_url":"","fifu_image_alt":"","footnotes":""},"categories":[5],"tags":[],"class_list":["post-21156","post","type-post","status-publish","format-standard","has-post-thumbnail","hentry","category-politik"],"blocksy_meta":{"styles_descriptor":{"styles":{"desktop":"","tablet":"","mobile":""},"google_fonts":[],"version":8}},"uagb_featured_image_src":{"full":["https:\/\/mleexelnfod5.i.optimole.com\/w:auto\/h:auto\/q:mauto\/f:best\/https:\/\/i2.wp.com\/meiser-tv.de\/wp-content\/uploads\/2026\/05\/RSS-Hintergrund.jpg?w=1920&fit=1920,1080&ssl=1",1920,1080,true],"thumbnail":["https:\/\/mleexelnfod5.i.optimole.com\/w:auto\/h:auto\/q:mauto\/f:best\/https:\/\/i2.wp.com\/meiser-tv.de\/wp-content\/uploads\/2026\/05\/RSS-Hintergrund.jpg?w=150&resize=150,150&ssl=1",150,150,true],"medium":["https:\/\/mleexelnfod5.i.optimole.com\/w:auto\/h:auto\/q:mauto\/f:best\/https:\/\/i2.wp.com\/meiser-tv.de\/wp-content\/uploads\/2026\/05\/RSS-Hintergrund.jpg?w=300&fit=300,300&ssl=1",300,300,true],"medium_large":["https:\/\/mleexelnfod5.i.optimole.com\/w:auto\/h:auto\/q:mauto\/f:best\/https:\/\/i2.wp.com\/meiser-tv.de\/wp-content\/uploads\/2026\/05\/RSS-Hintergrund.jpg?w=768&resize=768,0&ssl=1",768,0,true],"large":["https:\/\/mleexelnfod5.i.optimole.com\/w:auto\/h:auto\/q:mauto\/f:best\/https:\/\/i2.wp.com\/meiser-tv.de\/wp-content\/uploads\/2026\/05\/RSS-Hintergrund.jpg?w=1024&fit=1024,1024&ssl=1",1024,1024,true],"1536x1536":["https:\/\/mleexelnfod5.i.optimole.com\/w:auto\/h:auto\/q:mauto\/f:best\/https:\/\/i2.wp.com\/meiser-tv.de\/wp-content\/uploads\/2026\/05\/RSS-Hintergrund.jpg?w=1536&fit=1536,1536&ssl=1",1536,1536,true],"2048x2048":["https:\/\/mleexelnfod5.i.optimole.com\/w:auto\/h:auto\/q:mauto\/f:best\/https:\/\/i2.wp.com\/meiser-tv.de\/wp-content\/uploads\/2026\/05\/RSS-Hintergrund.jpg?w=2048&fit=2048,2048&ssl=1",2048,2048,true],"trp-custom-language-flag":["https:\/\/mleexelnfod5.i.optimole.com\/w:auto\/h:auto\/q:mauto\/f:best\/https:\/\/i2.wp.com\/meiser-tv.de\/wp-content\/uploads\/2026\/05\/RSS-Hintergrund.jpg?w=18&fit=18,12&ssl=1",18,12,true]},"uagb_author_info":{"display_name":"admin","author_link":"https:\/\/meiser-tv.de\/en\/author\/admin\/"},"uagb_comment_info":0,"uagb_excerpt":"Bei einem Treffen mit Journalisten im Wei\u00dfen Haus hat US-Pr\u00e4sident Donald Trump erkl\u00e4rt, dass Russlands Pr\u00e4sident Wladimir Putin nicht beabsichtige, NATO-Mitgliedstaaten anzugreifen. &#8222;Ich rede mit ihm. Ich kenne ihn sehr gut. Putin hat keine Pl\u00e4ne, NATO-Territorium anzugreifen&#8220;, sagte Trump. Damit reagierte er auf die Frage eines Reporters, ob die Drohnenvorf\u00e4lle in Deutschland als Angriff auf&hellip;","_links":{"self":[{"href":"https:\/\/meiser-tv.de\/en\/wp-json\/wp\/v2\/posts\/21156","targetHints":{"allow":["GET"]}}],"collection":[{"href":"https:\/\/meiser-tv.de\/en\/wp-json\/wp\/v2\/posts"}],"about":[{"href":"https:\/\/meiser-tv.de\/en\/wp-json\/wp\/v2\/types\/post"}],"author":[{"embeddable":true,"href":"https:\/\/meiser-tv.de\/en\/wp-json\/wp\/v2\/users\/1"}],"replies":[{"embeddable":true,"href":"https:\/\/meiser-tv.de\/en\/wp-json\/wp\/v2\/comments?post=21156"}],"version-history":[{"count":0,"href":"https:\/\/meiser-tv.de\/en\/wp-json\/wp\/v2\/posts\/21156\/revisions"}],"wp:featuredmedia":[{"embeddable":true,"href":"https:\/\/meiser-tv.de\/en\/wp-json\/wp\/v2\/media\/4846"}],"wp:attachment":[{"href":"https:\/\/meiser-tv.de\/en\/wp-json\/wp\/v2\/media?parent=21156"}],"wp:term":[{"taxonomy":"category","embeddable":true,"href":"https:\/\/meiser-tv.de\/en\/wp-json\/wp\/v2\/categories?post=21156"},{"taxonomy":"post_tag","embeddable":true,"href":"https:\/\/meiser-tv.de\/en\/wp-json\/wp\/v2\/tags?post=21156"}],"curies":[{"name":"wp","href":"https:\/\/api.w.org\/{rel}","templated":true}]}}