{"id":21171,"date":"2026-09-05T17:02:11","date_gmt":"2026-09-05T15:02:11","guid":{"rendered":"https:\/\/meiser-tv.de\/medienkritik\/sachsen-anhalt-weitere-angehoerige-von-senioren-berichten-von-briefwahl-unregelmaessigkeiten\/"},"modified":"2026-09-05T17:02:11","modified_gmt":"2026-09-05T15:02:11","slug":"sachsen-anhalt-weitere-angehoerige-von-senioren-berichten-von-briefwahl-unregelmaessigkeiten","status":"publish","type":"post","link":"https:\/\/meiser-tv.de\/en\/medienkritik\/sachsen-anhalt-weitere-angehoerige-von-senioren-berichten-von-briefwahl-unregelmaessigkeiten\/","title":{"rendered":"Sachsen-Anhalt: Weitere Angeh\u00f6rige von Senioren berichten von Briefwahl-Unregelm\u00e4\u00dfigkeiten"},"content":{"rendered":"<div>\n<p class=\"wp-block-paragraph\">Nach dem Verdacht auf Unregelm\u00e4\u00dfigkeiten bei der Briefwahl im Dessauer Pflegeheim \u201eMarthahaus\u201c haben sich weitere Angeh\u00f6rige gemeldet. Ihre Schilderungen \u00e4hneln in Teilen dem Fall der 95-j\u00e4hrigen Heimbewohnerin, \u00fcber den die \u201eOstdeutsche Allgemeine Zeitung\u201c zuerst berichtet hatte.<\/p>\n<p class=\"wp-block-paragraph\">Wie die Zeitung jetzt meldet, sollen f\u00fcr eine weitere demenzkranke Bewohnerin Briefwahlunterlagen beantragt worden sein, ohne dass ihre gesetzliche Vertreterin nach eigenen Angaben davon wusste. In einem weiteren Fall berichtet die Betreuerin einer ebenfalls dementen Bewohnerin, eine Mitarbeiterin des Heims habe ihr mitgeteilt, die Wahlbenachrichtigung der Angeh\u00f6rigen sei \u201ezerst\u00f6rt\u201c worden.<\/p>\n<p class=\"wp-block-paragraph\">Damit sind inzwischen drei F\u00e4lle bekannt, in denen Angeh\u00f6rige oder Vertreter dementer Bewohner angeben, Wahlunterlagen nicht wie erwartet erhalten zu haben. In zwei dieser F\u00e4lle war nach ihren Angaben Briefwahl beantragt worden, ohne dass sie davon wussten.<\/p>\n<p><strong>Beitrag:<\/strong> <a target=\"_blank\" rel=\"noopener noreferrer\" href=\"https:\/\/deutschlandkurier.de\/2026\/09\/sachsen-anhalt-weitere-angehoerige-von-senioren-berichten-von-briefwahl-unregelmaessigkeiten\/\">Sachsen-Anhalt: Weitere Angeh\u00f6rige von Senioren berichten von Briefwahl-Unregelm\u00e4\u00dfigkeiten<\/a> <br><strong>Quelle:<\/strong> Deutschland-Kurier.<\/p>\n<\/div>","protected":false},"excerpt":{"rendered":"<div>\n<p>Nach dem Verdacht auf Unregelm\u00e4\u00dfigkeiten bei der Briefwahl im Dessauer Pflegeheim \u201eMarthahaus\u201c haben sich weitere Angeh\u00f6rige gemeldet. Ihre Schilderungen \u00e4hneln in Teilen dem Fall der 95-j\u00e4hrigen Heimbewohnerin, \u00fcber den die \u201eOstdeutsche Allgemeine Zeitung\u201c zuerst berichtet hatte. Wie die Zeitung jetzt meldet, sollen f\u00fcr eine weitere demenzkranke Bewohnerin Briefwahlunterlagen beantragt worden sein, ohne dass ihre gesetzliche [\u2026]<\/p>\n<p>The post <a href=\"https:\/\/deutschlandkurier.de\/2026\/09\/sachsen-anhalt-weitere-angehoerige-von-senioren-berichten-von-briefwahl-unregelmaessigkeiten\/\">Sachsen-Anhalt: Weitere Angeh\u00f6rige von Senioren berichten von Briefwahl-Unregelm\u00e4\u00dfigkeiten<\/a> appeared first on <a href=\"https:\/\/deutschlandkurier.de\/\">Deutschland-Kurier<\/a>.<\/p>\n<\/div>\n","protected":false},"author":1,"featured_media":4846,"comment_status":"closed","ping_status":"closed","sticky":false,"template":"","format":"standard","meta":{"_gspb_post_css":"","_uag_custom_page_level_css":"","fifu_image_url":"","fifu_image_alt":"","footnotes":""},"categories":[17],"tags":[],"class_list":["post-21171","post","type-post","status-publish","format-standard","has-post-thumbnail","hentry","category-medienkritik"],"blocksy_meta":{"styles_descriptor":{"styles":{"desktop":"","tablet":"","mobile":""},"google_fonts":[],"version":8}},"uagb_featured_image_src":{"full":["https:\/\/mleexelnfod5.i.optimole.com\/w:auto\/h:auto\/q:mauto\/f:best\/https:\/\/i2.wp.com\/meiser-tv.de\/wp-content\/uploads\/2026\/05\/RSS-Hintergrund.jpg?w=1920&fit=1920,1080&ssl=1",1920,1080,true],"thumbnail":["https:\/\/mleexelnfod5.i.optimole.com\/w:auto\/h:auto\/q:mauto\/f:best\/https:\/\/i2.wp.com\/meiser-tv.de\/wp-content\/uploads\/2026\/05\/RSS-Hintergrund.jpg?w=150&resize=150,150&ssl=1",150,150,true],"medium":["https:\/\/mleexelnfod5.i.optimole.com\/w:auto\/h:auto\/q:mauto\/f:best\/https:\/\/i2.wp.com\/meiser-tv.de\/wp-content\/uploads\/2026\/05\/RSS-Hintergrund.jpg?w=300&fit=300,300&ssl=1",300,300,true],"medium_large":["https:\/\/mleexelnfod5.i.optimole.com\/w:auto\/h:auto\/q:mauto\/f:best\/https:\/\/i2.wp.com\/meiser-tv.de\/wp-content\/uploads\/2026\/05\/RSS-Hintergrund.jpg?w=768&resize=768,0&ssl=1",768,0,true],"large":["https:\/\/mleexelnfod5.i.optimole.com\/w:auto\/h:auto\/q:mauto\/f:best\/https:\/\/i2.wp.com\/meiser-tv.de\/wp-content\/uploads\/2026\/05\/RSS-Hintergrund.jpg?w=1024&fit=1024,1024&ssl=1",1024,1024,true],"1536x1536":["https:\/\/mleexelnfod5.i.optimole.com\/w:auto\/h:auto\/q:mauto\/f:best\/https:\/\/i2.wp.com\/meiser-tv.de\/wp-content\/uploads\/2026\/05\/RSS-Hintergrund.jpg?w=1536&fit=1536,1536&ssl=1",1536,1536,true],"2048x2048":["https:\/\/mleexelnfod5.i.optimole.com\/w:auto\/h:auto\/q:mauto\/f:best\/https:\/\/i2.wp.com\/meiser-tv.de\/wp-content\/uploads\/2026\/05\/RSS-Hintergrund.jpg?w=2048&fit=2048,2048&ssl=1",2048,2048,true],"trp-custom-language-flag":["https:\/\/mleexelnfod5.i.optimole.com\/w:auto\/h:auto\/q:mauto\/f:best\/https:\/\/i2.wp.com\/meiser-tv.de\/wp-content\/uploads\/2026\/05\/RSS-Hintergrund.jpg?w=18&fit=18,12&ssl=1",18,12,true]},"uagb_author_info":{"display_name":"admin","author_link":"https:\/\/meiser-tv.de\/en\/author\/admin\/"},"uagb_comment_info":0,"uagb_excerpt":"Nach dem Verdacht auf Unregelm\u00e4\u00dfigkeiten bei der Briefwahl im Dessauer Pflegeheim \u201eMarthahaus\u201c haben sich weitere Angeh\u00f6rige gemeldet. Ihre Schilderungen \u00e4hneln in Teilen dem Fall der 95-j\u00e4hrigen Heimbewohnerin, \u00fcber den die \u201eOstdeutsche Allgemeine Zeitung\u201c zuerst berichtet hatte. Wie die Zeitung jetzt meldet, sollen f\u00fcr eine weitere demenzkranke Bewohnerin Briefwahlunterlagen beantragt worden sein, ohne dass ihre gesetzliche&hellip;","_links":{"self":[{"href":"https:\/\/meiser-tv.de\/en\/wp-json\/wp\/v2\/posts\/21171","targetHints":{"allow":["GET"]}}],"collection":[{"href":"https:\/\/meiser-tv.de\/en\/wp-json\/wp\/v2\/posts"}],"about":[{"href":"https:\/\/meiser-tv.de\/en\/wp-json\/wp\/v2\/types\/post"}],"author":[{"embeddable":true,"href":"https:\/\/meiser-tv.de\/en\/wp-json\/wp\/v2\/users\/1"}],"replies":[{"embeddable":true,"href":"https:\/\/meiser-tv.de\/en\/wp-json\/wp\/v2\/comments?post=21171"}],"version-history":[{"count":0,"href":"https:\/\/meiser-tv.de\/en\/wp-json\/wp\/v2\/posts\/21171\/revisions"}],"wp:featuredmedia":[{"embeddable":true,"href":"https:\/\/meiser-tv.de\/en\/wp-json\/wp\/v2\/media\/4846"}],"wp:attachment":[{"href":"https:\/\/meiser-tv.de\/en\/wp-json\/wp\/v2\/media?parent=21171"}],"wp:term":[{"taxonomy":"category","embeddable":true,"href":"https:\/\/meiser-tv.de\/en\/wp-json\/wp\/v2\/categories?post=21171"},{"taxonomy":"post_tag","embeddable":true,"href":"https:\/\/meiser-tv.de\/en\/wp-json\/wp\/v2\/tags?post=21171"}],"curies":[{"name":"wp","href":"https:\/\/api.w.org\/{rel}","templated":true}]}}