{"id":21172,"date":"2026-09-05T17:03:08","date_gmt":"2026-09-05T15:03:08","guid":{"rendered":"https:\/\/meiser-tv.de\/politik\/berlin-hack-unfreiwillige-voellige-transparenz\/"},"modified":"2026-09-05T17:03:08","modified_gmt":"2026-09-05T15:03:08","slug":"berlin-hack-unfreiwillige-voellige-transparenz","status":"publish","type":"post","link":"https:\/\/meiser-tv.de\/en\/politik\/berlin-hack-unfreiwillige-voellige-transparenz\/","title":{"rendered":"Berlin-Hack: Unfreiwillige v\u00f6llige Transparenz"},"content":{"rendered":"<div>\n<p>Anf\u00e4nglich hie\u00df es noch, es seien von dem am 14. August bekannt gewordenen Hack ins Berliner Datennetz keine sensiblen Daten betroffen. Eine Woche lang wurden gro\u00dfe Teile der Berliner Verwaltung offline genommen und das Wohngeld wurde nicht ausgezahlt. Dann wurde bekannt, dass es sich um eine Cybererpressung handelte \u2013 die Daten wurden von einer Gruppe namens Rhysida gezogen, die zwei Millionen Euro in Form von 30 Bitcoin wollte, andernfalls werde sie das gesamte Paket im Internet ver\u00f6ffentlichen. Berlin lie\u00df sich nicht erpressen.<\/p>\n<p>Und nun ist das Datenpaket \u00f6ffentlich, wenn auch im Darknet, und es kursieren Aufnahmen und Angaben, was sich alles in diesem Paket mit einer Gr\u00f6\u00dfe von 5,26 Terabyte befindet. Rhysida selbst hat eine Zusammenfassung geliefert: 77.939 juristische Vorg\u00e4nge, 55.553 finanzielle, 46.522 Vertr\u00e4ge, 27.299 Dateien \u00fcber Personal. Hinzu kommen 11.777 vertrauliche Dateien, 5.921 Passw\u00f6rter und 16.389 E-Mail-Adressen. Bundesratsprotokolle sind ebenso Teil des Pakets wie Passdaten und eine Risikoanalyse der Berliner Wasserversorgung.<\/p>\n<p>Seit Freitagnachmittag ist all das im Netz, und selbst die Screenshots, die unterwegs sind, enth\u00fcllen Details, die die Berliner Verwaltung mit Sicherheit gern verborgen gelassen h\u00e4tte:<\/p>\n<div class=\"EmbedBlock-root EmbedBlock-all\">\n<div class=\"AllEmbed\">\n<blockquote class=\"twitter-tweet\">\n<p lang=\"de\" dir=\"ltr\">Der absolute Supergau Berlin<\/p>\n<p>Komplette Verteidigung offengelegt und 10.08.26 als Datum zeigt, auch ganz neue Dateien!<br \/>Jeder der Berlin angreifen will, wei\u00df nun wo und wie!<br \/>Egal ob Antifa , IS oder andere L\u00e4nder<a target=\"_blank\" rel=\"noopener noreferrer\" href=\"https:\/\/t.co\/Lng6vMNx59\">https:\/\/t.co\/Lng6vMNx59<\/a> <a target=\"_blank\" rel=\"noopener noreferrer\" href=\"https:\/\/t.co\/FlcjX1BnvO\">pic.twitter.com\/FlcjX1BnvO<\/a><\/p>\n<p>\u2014 Stefan Energie Chiemgau\/Outdoor Chiemgau (@OutdoorChiemga) <a target=\"_blank\" rel=\"noopener noreferrer\" href=\"https:\/\/x.com\/OutdoorChiemga\/status\/2096187419544416657?ref_src=twsrc%5Etfw\">September 5, 2026<\/a><\/p><\/blockquote>\n<p> <script async src=\"https:\/\/platform.x.com\/widgets.js\" charset=\"utf-8\"><\/script>\n                    <\/div>\n<\/p><\/div>\n<p>Aber neben den offiziell eigentlich geheimzuhaltenden Daten gibt es dann auch noch Peinliches \u2013 schlie\u00dflich erleben die Berliner st\u00e4ndig, wie an ihnen gespart wird:<\/p>\n<div class=\"EmbedBlock-root EmbedBlock-all\">\n<div class=\"AllEmbed\">\n<blockquote class=\"twitter-tweet\">\n<p lang=\"de\" dir=\"ltr\">Berliner Spesenritter im Tantris in M\u00fcnchen. Mich interessiert es, wer das Budget freigegeben hat? <a target=\"_blank\" rel=\"noopener noreferrer\" href=\"https:\/\/t.co\/A8ljT34Ttn\">https:\/\/t.co\/A8ljT34Ttn<\/a><\/p>\n<p>\u2014 Peace on Earth (@PeaceonEarth444) <a target=\"_blank\" rel=\"noopener noreferrer\" href=\"https:\/\/x.com\/PeaceonEarth444\/status\/2096008247584923890?ref_src=twsrc%5Etfw\">September 4, 2026<\/a><\/p><\/blockquote>\n<p> <script async src=\"https:\/\/platform.x.com\/widgets.js\" charset=\"utf-8\"><\/script>\n                    <\/div>\n<\/p><\/div>\n<p>Der Berliner Senat spielt die Angelegenheit noch immer herunter. &#8222;Sofern im Rahmen der Analyse einzelne betroffene Personen identifiziert werden, werden diese risikobasiert und entsprechend der gesetzlichen Vorgaben von den zust\u00e4ndigen Senatsverwaltungen informiert&#8220;. Eine Aussage, die bei Kennern der Berliner Verwaltung keinen Enthusiasmus ausl\u00f6sen d\u00fcrfte. Der Berliner Noch-B\u00fcrgermeister Kai Wegner hat sich zur Ver\u00f6ffentlichung noch nicht ge\u00e4u\u00dfert.<\/p>\n<p>Die Computerzeitschrift <em>Chip<\/em> erteilt <a target=\"_blank\" rel=\"noopener noreferrer\" href=\"https:\/\/www.chip.de\/news\/cyber-security\/5-8-terabyte-im-darknet-was-der-berlin-hack-jetzt-fuer-buerger-bedeutet_9258315a-3c42-4da0-9572-9b8940264256.html\">Ratschl\u00e4ge<\/a>, wie B\u00fcrger herausfinden k\u00f6nnen, ob ihre Daten wom\u00f6glich von diesem Hack betroffen sind \u2013 falls ja, sollten sie Anzeige bei der Internetwache der Berliner Polizei erstatten. Das Bundesamt f\u00fcr Sicherheit in der Informationstechnik weist darauf hin, dass in n\u00e4chster Zeit ein erh\u00f6htes Risiko f\u00fcr Phishing-Angriffe besteht.<\/p>\n<p>Das gr\u00f6\u00dfte Risiko besteht allerdings f\u00fcr die Berliner Regierung. Gleich auf zwei Ebenen: Zum einen ist das Berliner Verhalten in der ganzen Geschichte selbst skandal\u00f6s \u2013 die ersten Informationen \u00fcber einen unkontrollierten Zugriff auf Daten soll es nach Medienberichten bereits am 7. August gegeben haben. Dennoch dauerte es noch eine Woche, bis tats\u00e4chlich durch eine Unterbrechung des Netzes reagiert wurde. Im Verlauf der Aff\u00e4re kam heraus, dass unter anderem \u00fcber Jahre Tausende Passw\u00f6rter unverschl\u00fcsselt gespeichert worden waren, in simplen Word-Dateien. Es gab also ein ger\u00fcttelt Ma\u00df an Schlamperei im Umgang mit Datensicherheit, das die Voraussetzungen f\u00fcr diesen Hack schuf.<\/p>\n<p>Gleichzeitig k\u00f6nnten sich in den Daten selbst nat\u00fcrlich Informationen verbergen, die noch weit schmerzhafter sind als die oben erw\u00e4hnte Information \u00fcber ein Luxusessen auf Senatskosten \u2013 Vergaben, die nun durch die Konkurrenz \u00fcberpr\u00fcft werden k\u00f6nnen, beispielsweise. Oder sensible Informationen in den zehntausenden Vertr\u00e4gen, deren Ver\u00f6ffentlichung Schadensersatzklagen der Vertragspartner ausl\u00f6sen k\u00f6nnte, die deutlich teurer werden k\u00f6nnten als zwei Millionen Euro. Wer haftet am Ende? Wird es eine strafrechtliche Verantwortung geben?<\/p>\n<p>Rhysida, die Gruppe, die das Berliner Netz gehackt hat, ist seit 2023 aktiv, wobei sie als Gesch\u00e4ftsmodell nicht nur das Absaugen von Daten, sondern auch Ransomware nutzt, also die komplette Verschl\u00fcsselung fremder Rechner mit der Drohung, die Daten zu zerst\u00f6ren, wenn nicht gezahlt wird. Es h\u00e4tte f\u00fcr Berlin also noch weitaus schlimmer kommen k\u00f6nnen. Opfer waren auch schon die chilenische Armee, die Stadt Ohio oder die British Library. Die Betroffenen verteilen sich \u00fcber inzwischen 39 L\u00e4nder, im Schnitt sieben Angriffe pro Monat. Schwerpunkt der kriminellen Aktivit\u00e4t von Rhysida sind die Vereinigten Staaten.<\/p>\n<p>Im Mai gab es einen <a target=\"_blank\" rel=\"noopener noreferrer\" href=\"https:\/\/www.heise.de\/news\/Cybergang-Rhysida-behauptet-Datenklau-bei-Stadt-Stuttgart-11301736.html\">Vorfall<\/a>, der die Stadt Stuttgart betraf; die Forderung belief sich auf f\u00fcnf Bitcoin, etwa 330.000 Euro. \u00d6ffentlich erkl\u00e4rte die Stadt, sie sei nicht Opfer eines Datenverlusts gewesen. Es ist nat\u00fcrlich denkbar, dass sie gezahlt hat.<\/p>\n<p>Der Sitz derartiger Organisationen wird meist in &#8222;Osteuropa&#8220; vermutet; der Schwerpunkt der globalen Cyberkriminalit\u00e4t ist aber durchaus genauer bekannt: die Ukraine.<\/p>\n<p><strong>Mehr zum Thema<\/strong> \u2014\u00a0<a target=\"_blank\" rel=\"noopener noreferrer\" href=\"https:\/\/de-rtnews.com\/meinung\/285785-berlins-luegenwegner-am-sitz-kleben\/\">Berlins L\u00fcgen-Wegner: Am Sitz kleben bringt ihm eine Viertelmillion<\/a><\/p>\n<div class=\"EmbedBlock-root EmbedBlock-externalVideo EmbedBlock-rumble\">\n<div class=\"VkEmbed\"><iframe class=\"lazyload\" data-src=\"https:\/\/rumble.com\/embed\/v7b770k\" frameborder=\"0\" width=\"853\" height=\"480\" allowfullscreen><\/iframe><\/div>\n<\/p><\/div>\n<\/div>","protected":false},"excerpt":{"rendered":"<p>Anf\u00e4nglich hie\u00df es noch, es seien von dem am 14. August bekannt gewordenen Hack ins Berliner Datennetz keine sensiblen Daten betroffen. Eine Woche lang wurden gro\u00dfe Teile der Berliner Verwaltung offline genommen und das Wohngeld wurde nicht ausgezahlt. Dann wurde bekannt, dass es sich um eine Cybererpressung handelte \u2013 die Daten wurden von einer Gruppe [&hellip;]<\/p>\n","protected":false},"author":1,"featured_media":4846,"comment_status":"closed","ping_status":"closed","sticky":false,"template":"","format":"standard","meta":{"_gspb_post_css":"","_uag_custom_page_level_css":"","fifu_image_url":"","fifu_image_alt":"","footnotes":""},"categories":[5],"tags":[],"class_list":["post-21172","post","type-post","status-publish","format-standard","has-post-thumbnail","hentry","category-politik"],"blocksy_meta":{"styles_descriptor":{"styles":{"desktop":"","tablet":"","mobile":""},"google_fonts":[],"version":8}},"uagb_featured_image_src":{"full":["https:\/\/mleexelnfod5.i.optimole.com\/w:auto\/h:auto\/q:mauto\/f:best\/https:\/\/i2.wp.com\/meiser-tv.de\/wp-content\/uploads\/2026\/05\/RSS-Hintergrund.jpg?w=1920&fit=1920,1080&ssl=1",1920,1080,true],"thumbnail":["https:\/\/mleexelnfod5.i.optimole.com\/w:auto\/h:auto\/q:mauto\/f:best\/https:\/\/i2.wp.com\/meiser-tv.de\/wp-content\/uploads\/2026\/05\/RSS-Hintergrund.jpg?w=150&resize=150,150&ssl=1",150,150,true],"medium":["https:\/\/mleexelnfod5.i.optimole.com\/w:auto\/h:auto\/q:mauto\/f:best\/https:\/\/i2.wp.com\/meiser-tv.de\/wp-content\/uploads\/2026\/05\/RSS-Hintergrund.jpg?w=300&fit=300,300&ssl=1",300,300,true],"medium_large":["https:\/\/mleexelnfod5.i.optimole.com\/w:auto\/h:auto\/q:mauto\/f:best\/https:\/\/i2.wp.com\/meiser-tv.de\/wp-content\/uploads\/2026\/05\/RSS-Hintergrund.jpg?w=768&resize=768,0&ssl=1",768,0,true],"large":["https:\/\/mleexelnfod5.i.optimole.com\/w:auto\/h:auto\/q:mauto\/f:best\/https:\/\/i2.wp.com\/meiser-tv.de\/wp-content\/uploads\/2026\/05\/RSS-Hintergrund.jpg?w=1024&fit=1024,1024&ssl=1",1024,1024,true],"1536x1536":["https:\/\/mleexelnfod5.i.optimole.com\/w:auto\/h:auto\/q:mauto\/f:best\/https:\/\/i2.wp.com\/meiser-tv.de\/wp-content\/uploads\/2026\/05\/RSS-Hintergrund.jpg?w=1536&fit=1536,1536&ssl=1",1536,1536,true],"2048x2048":["https:\/\/mleexelnfod5.i.optimole.com\/w:auto\/h:auto\/q:mauto\/f:best\/https:\/\/i2.wp.com\/meiser-tv.de\/wp-content\/uploads\/2026\/05\/RSS-Hintergrund.jpg?w=2048&fit=2048,2048&ssl=1",2048,2048,true],"trp-custom-language-flag":["https:\/\/mleexelnfod5.i.optimole.com\/w:auto\/h:auto\/q:mauto\/f:best\/https:\/\/i2.wp.com\/meiser-tv.de\/wp-content\/uploads\/2026\/05\/RSS-Hintergrund.jpg?w=18&fit=18,12&ssl=1",18,12,true]},"uagb_author_info":{"display_name":"admin","author_link":"https:\/\/meiser-tv.de\/en\/author\/admin\/"},"uagb_comment_info":0,"uagb_excerpt":"Anf\u00e4nglich hie\u00df es noch, es seien von dem am 14. August bekannt gewordenen Hack ins Berliner Datennetz keine sensiblen Daten betroffen. Eine Woche lang wurden gro\u00dfe Teile der Berliner Verwaltung offline genommen und das Wohngeld wurde nicht ausgezahlt. Dann wurde bekannt, dass es sich um eine Cybererpressung handelte \u2013 die Daten wurden von einer Gruppe&hellip;","_links":{"self":[{"href":"https:\/\/meiser-tv.de\/en\/wp-json\/wp\/v2\/posts\/21172","targetHints":{"allow":["GET"]}}],"collection":[{"href":"https:\/\/meiser-tv.de\/en\/wp-json\/wp\/v2\/posts"}],"about":[{"href":"https:\/\/meiser-tv.de\/en\/wp-json\/wp\/v2\/types\/post"}],"author":[{"embeddable":true,"href":"https:\/\/meiser-tv.de\/en\/wp-json\/wp\/v2\/users\/1"}],"replies":[{"embeddable":true,"href":"https:\/\/meiser-tv.de\/en\/wp-json\/wp\/v2\/comments?post=21172"}],"version-history":[{"count":0,"href":"https:\/\/meiser-tv.de\/en\/wp-json\/wp\/v2\/posts\/21172\/revisions"}],"wp:featuredmedia":[{"embeddable":true,"href":"https:\/\/meiser-tv.de\/en\/wp-json\/wp\/v2\/media\/4846"}],"wp:attachment":[{"href":"https:\/\/meiser-tv.de\/en\/wp-json\/wp\/v2\/media?parent=21172"}],"wp:term":[{"taxonomy":"category","embeddable":true,"href":"https:\/\/meiser-tv.de\/en\/wp-json\/wp\/v2\/categories?post=21172"},{"taxonomy":"post_tag","embeddable":true,"href":"https:\/\/meiser-tv.de\/en\/wp-json\/wp\/v2\/tags?post=21172"}],"curies":[{"name":"wp","href":"https:\/\/api.w.org\/{rel}","templated":true}]}}