{"id":21174,"date":"2026-09-05T18:03:04","date_gmt":"2026-09-05T16:03:04","guid":{"rendered":"https:\/\/meiser-tv.de\/politik\/russischer-diplomat-drohne-auf-sbu-zentrale-teil-des-machtkampfs-in-der-ukraine\/"},"modified":"2026-09-05T18:03:04","modified_gmt":"2026-09-05T16:03:04","slug":"russischer-diplomat-drohne-auf-sbu-zentrale-teil-des-machtkampfs-in-der-ukraine","status":"publish","type":"post","link":"https:\/\/meiser-tv.de\/en\/politik\/russischer-diplomat-drohne-auf-sbu-zentrale-teil-des-machtkampfs-in-der-ukraine\/","title":{"rendered":"Russischer Diplomat: Drohne auf SBU-Zentrale Teil des Machtkampfs in der Ukraine"},"content":{"rendered":"<div>\n<p>Der Drohnenangriff auf die Zentrale des Sicherheitsdienstes der Ukraine (SBU) in Kiew k\u00f6nnte vom Milit\u00e4rgeheimdienst des Landes (GUR) innerhalb des Konflikts zwischen den beiden Diensten erfolgt sein. Diese Vermutung \u00e4u\u00dferte der hochrangige russische Diplomat Rodion Miroschnik.<\/p>\n<p>Am Freitag krachte eine Drohne in das Geb\u00e4ude der SBU-Zentrale in Kiew und verursachte eine gr\u00f6\u00dfere Explosion. Wladimir Selenskij beschuldigte Russland f\u00fcr diesen Angriff und sagte, die Drohne habe direkt auf das B\u00fcro des aktuellen Chefs des Dienstes, Alexandr Poklad, gezielt. Selenskij sagte, er habe Poklad, der unverletzt blieb, beauftragt, eine &#8222;angemessene, wahrnehmbare und, wenn m\u00f6glich, spiegelgleiche Antwort&#8220; vorzubereiten.<\/p>\n<p>&#8222;Nach Selenskijs Aussage h\u00e4lt er [die Auffassung] aufrecht, dass die Drohne, die direkt in das Fenster des SBU-Chefs flog, das Ergebnis eines &#8218;russischen Drohnenangriffs&#8216; war, nicht ein Showdown zwischen den Sicherheitsdiensten, die\u00a0ihm vor\u00fcbergehend untergeordnet sind&#8220;, schrieb Miroschnik am Freitag auf Telegram.<\/p>\n<p>&#8222;Selenskij w\u00e4hlte das Geringere von zwei \u00dcbeln&#8220;, f\u00fcgte er hinzu.<\/p>\n<p>Damit verwies Miroschnik auf eine erst vor Kurzem erfolgte bewaffnete Auseinandersetzung zwischen Mitarbeitern von SBU und GUR in Kiew. Angeh\u00f6rige der beiden ukrainischen Sicherheitsbeh\u00f6rden hatten sich am Donnerstag \u00fcber Nacht ein offenes Feuergefecht\u00a0geliefert, bei dem mehrere Personen verwundet wurden.<\/p>\n<p>Der Diplomat schrieb au\u00dferdem, die &#8222;F\u00fchrung dieses Dienstes [SBU] hat wiederholt ihre Beteiligung an der Organisation terroristischer Angriffe in Russland erkl\u00e4rt, die zahlreiche Zivilisten t\u00f6teten und verletzten&#8220;.<\/p>\n<p>Die Schie\u00dferei zwischen SBU und GUR drehte sich anscheinend um Stepan Kaplunow, Berichten zufolge ein wei\u00dfer Rassist und ein f\u00fchrender Offizier des sogenannten Russischen Freiwilligenkorps (RDK), einer paramilit\u00e4rischen Einheit unter dem Dach des GUR.<\/p>\n<p>W\u00e4hrend der SBU erkl\u00e4rte, Karplunow sei an einer Moskauer Verschw\u00f6rung beteiligt gewesen, einen &#8222;F\u00fchrer der russischen Oppositionsbewegung&#8220; am ukrainischen Unabh\u00e4ngigkeitstag zu ermorden, warf das RDK dem Sicherheitsdienst vor, seinen Kommandeur entf\u00fchrt und mehr als eine Woche in einem Geheimgef\u00e4ngnis festgehalten zu haben.<\/p>\n<p>Kaplunow, der nach der Schie\u00dferei freigelassen wurde, f\u00fchrte seine Gefangenschaft auf die &#8222;historische Konkurrenz&#8220; zwischen SBU und GUR zur\u00fcck und erkl\u00e4rte, seine Entf\u00fchrung sei ein Versuch des SBU gewesen, an seine Vorgesetzten innerhalb des Milit\u00e4rgeheimdienstes zu kommen.<\/p>\n<p><strong>Mehr zum Thema<\/strong> \u2014\u00a0<a target=\"_blank\" rel=\"noopener noreferrer\" href=\"https:\/\/de-rtnews.com\/meinung\/286243-kampf-um-das-fetteste-ressort-warum-innovativste-minister-der-ukraine-entlassen-wurde\/\">Kampf um das &#8222;fetteste Ressort&#8220; \u2013 Warum der &#8222;innovativste&#8220; Minister der Ukraine entlassen wurde <\/a><\/p>\n<div class=\"EmbedBlock-root EmbedBlock-externalVideo EmbedBlock-rumble\">\n<div class=\"VkEmbed\"><iframe class=\"lazyload\" data-src=\"https:\/\/rumble.com\/embed\/v7cundu\" frameborder=\"0\" width=\"853\" height=\"480\" allowfullscreen><\/iframe><\/div>\n<\/p><\/div>\n<\/div>\n","protected":false},"excerpt":{"rendered":"<p>Der Drohnenangriff auf die Zentrale des Sicherheitsdienstes der Ukraine (SBU) in Kiew k\u00f6nnte vom Milit\u00e4rgeheimdienst des Landes (GUR) innerhalb des Konflikts zwischen den beiden Diensten erfolgt sein. Diese Vermutung \u00e4u\u00dferte der hochrangige russische Diplomat Rodion Miroschnik. Am Freitag krachte eine Drohne in das Geb\u00e4ude der SBU-Zentrale in Kiew und verursachte eine gr\u00f6\u00dfere Explosion. Wladimir Selenskij [&hellip;]<\/p>\n","protected":false},"author":1,"featured_media":4846,"comment_status":"closed","ping_status":"closed","sticky":false,"template":"","format":"standard","meta":{"_gspb_post_css":"","_uag_custom_page_level_css":"","fifu_image_url":"","fifu_image_alt":"","footnotes":""},"categories":[5],"tags":[],"class_list":["post-21174","post","type-post","status-publish","format-standard","has-post-thumbnail","hentry","category-politik"],"blocksy_meta":{"styles_descriptor":{"styles":{"desktop":"","tablet":"","mobile":""},"google_fonts":[],"version":8}},"uagb_featured_image_src":{"full":["https:\/\/mleexelnfod5.i.optimole.com\/w:auto\/h:auto\/q:mauto\/f:best\/https:\/\/i2.wp.com\/meiser-tv.de\/wp-content\/uploads\/2026\/05\/RSS-Hintergrund.jpg?w=1920&fit=1920,1080&ssl=1",1920,1080,true],"thumbnail":["https:\/\/mleexelnfod5.i.optimole.com\/w:auto\/h:auto\/q:mauto\/f:best\/https:\/\/i2.wp.com\/meiser-tv.de\/wp-content\/uploads\/2026\/05\/RSS-Hintergrund.jpg?w=150&resize=150,150&ssl=1",150,150,true],"medium":["https:\/\/mleexelnfod5.i.optimole.com\/w:auto\/h:auto\/q:mauto\/f:best\/https:\/\/i2.wp.com\/meiser-tv.de\/wp-content\/uploads\/2026\/05\/RSS-Hintergrund.jpg?w=300&fit=300,300&ssl=1",300,300,true],"medium_large":["https:\/\/mleexelnfod5.i.optimole.com\/w:auto\/h:auto\/q:mauto\/f:best\/https:\/\/i2.wp.com\/meiser-tv.de\/wp-content\/uploads\/2026\/05\/RSS-Hintergrund.jpg?w=768&resize=768,0&ssl=1",768,0,true],"large":["https:\/\/mleexelnfod5.i.optimole.com\/w:auto\/h:auto\/q:mauto\/f:best\/https:\/\/i2.wp.com\/meiser-tv.de\/wp-content\/uploads\/2026\/05\/RSS-Hintergrund.jpg?w=1024&fit=1024,1024&ssl=1",1024,1024,true],"1536x1536":["https:\/\/mleexelnfod5.i.optimole.com\/w:auto\/h:auto\/q:mauto\/f:best\/https:\/\/i2.wp.com\/meiser-tv.de\/wp-content\/uploads\/2026\/05\/RSS-Hintergrund.jpg?w=1536&fit=1536,1536&ssl=1",1536,1536,true],"2048x2048":["https:\/\/mleexelnfod5.i.optimole.com\/w:auto\/h:auto\/q:mauto\/f:best\/https:\/\/i2.wp.com\/meiser-tv.de\/wp-content\/uploads\/2026\/05\/RSS-Hintergrund.jpg?w=2048&fit=2048,2048&ssl=1",2048,2048,true],"trp-custom-language-flag":["https:\/\/mleexelnfod5.i.optimole.com\/w:auto\/h:auto\/q:mauto\/f:best\/https:\/\/i2.wp.com\/meiser-tv.de\/wp-content\/uploads\/2026\/05\/RSS-Hintergrund.jpg?w=18&fit=18,12&ssl=1",18,12,true]},"uagb_author_info":{"display_name":"admin","author_link":"https:\/\/meiser-tv.de\/en\/author\/admin\/"},"uagb_comment_info":0,"uagb_excerpt":"Der Drohnenangriff auf die Zentrale des Sicherheitsdienstes der Ukraine (SBU) in Kiew k\u00f6nnte vom Milit\u00e4rgeheimdienst des Landes (GUR) innerhalb des Konflikts zwischen den beiden Diensten erfolgt sein. Diese Vermutung \u00e4u\u00dferte der hochrangige russische Diplomat Rodion Miroschnik. Am Freitag krachte eine Drohne in das Geb\u00e4ude der SBU-Zentrale in Kiew und verursachte eine gr\u00f6\u00dfere Explosion. Wladimir Selenskij&hellip;","_links":{"self":[{"href":"https:\/\/meiser-tv.de\/en\/wp-json\/wp\/v2\/posts\/21174","targetHints":{"allow":["GET"]}}],"collection":[{"href":"https:\/\/meiser-tv.de\/en\/wp-json\/wp\/v2\/posts"}],"about":[{"href":"https:\/\/meiser-tv.de\/en\/wp-json\/wp\/v2\/types\/post"}],"author":[{"embeddable":true,"href":"https:\/\/meiser-tv.de\/en\/wp-json\/wp\/v2\/users\/1"}],"replies":[{"embeddable":true,"href":"https:\/\/meiser-tv.de\/en\/wp-json\/wp\/v2\/comments?post=21174"}],"version-history":[{"count":0,"href":"https:\/\/meiser-tv.de\/en\/wp-json\/wp\/v2\/posts\/21174\/revisions"}],"wp:featuredmedia":[{"embeddable":true,"href":"https:\/\/meiser-tv.de\/en\/wp-json\/wp\/v2\/media\/4846"}],"wp:attachment":[{"href":"https:\/\/meiser-tv.de\/en\/wp-json\/wp\/v2\/media?parent=21174"}],"wp:term":[{"taxonomy":"category","embeddable":true,"href":"https:\/\/meiser-tv.de\/en\/wp-json\/wp\/v2\/categories?post=21174"},{"taxonomy":"post_tag","embeddable":true,"href":"https:\/\/meiser-tv.de\/en\/wp-json\/wp\/v2\/tags?post=21174"}],"curies":[{"name":"wp","href":"https:\/\/api.w.org\/{rel}","templated":true}]}}