{"id":21181,"date":"2026-09-05T21:03:04","date_gmt":"2026-09-05T19:03:04","guid":{"rendered":"https:\/\/meiser-tv.de\/politik\/flugzeugabsturz-bei-griechischer-flugshow-beide-piloten-tot\/"},"modified":"2026-09-05T21:03:04","modified_gmt":"2026-09-05T19:03:04","slug":"flugzeugabsturz-bei-griechischer-flugshow-beide-piloten-tot","status":"publish","type":"post","link":"https:\/\/meiser-tv.de\/en\/politik\/flugzeugabsturz-bei-griechischer-flugshow-beide-piloten-tot\/","title":{"rendered":"Flugzeugabsturz bei griechischer Flugshow \u2013 beide Piloten tot"},"content":{"rendered":"<div>\n<p>Jedes Jahr findet an einem der gr\u00f6\u00dften St\u00fctzpunkte der griechischen Luftwaffe, in Tanagra, die Athens Flying Week statt. Sie gilt als gr\u00f6\u00dfte Flugshow in S\u00fcdosteuropa. Im vergangenen Jahr folgten etwa 50.000\u00a0Zuschauer der Veranstaltung vor Ort, und etwa 150.000 weitere online. Dieses Jahr sollte sie am 5. und 6.\u00a0September stattfinden. Ein tragisches Ungl\u00fcck f\u00fchrte bereits Samstagnachmittag dazu, dass der Rest des Programms abgesagt wurde.<\/p>\n<p>Der Flug der F-4 Phantom sollte einer ihrer letzten sein, ehe das bis 1981 von McDonnell produzierte Kampfflugzeug auch in der griechischen Luftwaffe endg\u00fcltig au\u00dfer Dienst gestellt wird. Mitten in der Vorf\u00fchrung verlor das Flugzeug pl\u00f6tzlich an H\u00f6he und st\u00fcrzte ab. Schon kurz vor dem Absturz sei Rauch aus der Maschine gekommen. Die beiden Piloten wurden tot geborgen.<\/p>\n<div class=\"EmbedBlock-root EmbedBlock-all\">\n<div class=\"AllEmbed\">\n<blockquote class=\"twitter-tweet\">\n<p lang=\"en\" dir=\"ltr\">\ud83d\udea8 FULL VIDEO: The moment a Hellenic Air Force F-4E Phantom II crashed during a solo display at Athens Flying Week in Tanagra, Greece.<\/p>\n<p>The footage captures the aircraft\u2019s final maneuver before impact.<\/p>\n<p>No parachutes were visible in the immediate aftermath. The condition of the\u2026 <a target=\"_blank\" rel=\"noopener noreferrer\" href=\"https:\/\/t.co\/kUKXUIzgzR\">pic.twitter.com\/kUKXUIzgzR<\/a><\/p>\n<p>\u2014 XPRESS (@Xpress_24_7) <a target=\"_blank\" rel=\"noopener noreferrer\" href=\"https:\/\/x.com\/Xpress_24_7\/status\/2096220415974601077?ref_src=twsrc%5Etfw\">September 5, 2026<\/a><\/p><\/blockquote>\n<p> <script async src=\"https:\/\/platform.x.com\/widgets.js\" charset=\"utf-8\"><\/script>\n                    <\/div>\n<\/p><\/div>\n<p>Es gibt Aufzeichnungen des Gespr\u00e4chs der beiden Piloten mit dem Kontrollzentrum in den Minuten vor dem Absturz. Danach haben sie die Schleudersitze in der Maschine nicht aktiviert, um daf\u00fcr zu sorgen, dass weder Zuschauer noch Anwohner durch den Absturz Schaden erleiden. Das Flugzeug st\u00fcrzte auf eine Wiese, wo es einen Brand ausl\u00f6ste.<\/p>\n<div class=\"EmbedBlock-root EmbedBlock-all\">\n<div class=\"AllEmbed\">\n<blockquote class=\"twitter-tweet\" data-media-max-width=\"560\">\n<p lang=\"en\" dir=\"ltr\">WATCH: Footage shows the moment the Hellenic Air Force F-4 crashed during a solo display at Athens Flying Week in Tanagra, Greece.<\/p>\n<p>It hit the ground coming out of a turn. The condition of the crew is still unknown. <a target=\"_blank\" rel=\"noopener noreferrer\" href=\"https:\/\/t.co\/ZwUW4Eu4SQ\">https:\/\/t.co\/ZwUW4Eu4SQ<\/a> <a target=\"_blank\" rel=\"noopener noreferrer\" href=\"https:\/\/t.co\/KY2oppTPM0\">pic.twitter.com\/KY2oppTPM0<\/a><\/p>\n<p>\u2014 Tabz (@TabzLIVE) <a target=\"_blank\" rel=\"noopener noreferrer\" href=\"https:\/\/x.com\/TabzLIVE\/status\/2096226503860129842?ref_src=twsrc%5Etfw\">September 5, 2026<\/a><\/p><\/blockquote>\n<p> <script async src=\"https:\/\/platform.x.com\/widgets.js\" charset=\"utf-8\"><\/script>\n                    <\/div>\n<\/p><\/div>\n<p>Der stellvertretende Ministerpr\u00e4sident Kostis Hatzadakis erkl\u00e4rte: &#8222;Alle Griechen sind vom Verlust der zwei Piloten unserer Luftwaffe bei einer Vorf\u00fchrung in Tanagra ersch\u00fcttert.&#8220; Die Veranstaltung wurde sofort abgebrochen. Auf Anordnung von Verteidigungsminister Nikos Dendias gilt f\u00fcr die Streitkr\u00e4fte eine dreit\u00e4gige Trauer. Die Ursache des Ungl\u00fccks wird untersucht.<\/p>\n<p><strong>Mehr zum Thema<\/strong>\u00a0\u2013 <a target=\"_blank\" rel=\"noopener noreferrer\" href=\"https:\/\/de-rtnews.com\/international\/290689-politico-kiew-bezeichnet-seine-bitten\/\">Politico: Kiew bezeichnet seine Bitten an Partner um Milit\u00e4rhilfe als &#8222;endlose Geschichte&#8220; <\/a><\/p>\n<div class=\"EmbedBlock-root EmbedBlock-externalVideo EmbedBlock-rumble\">\n<div class=\"VkEmbed\"><iframe class=\"lazyload\" data-src=\"https:\/\/rumble.com\/embed\/v7c5kq6\" frameborder=\"0\" width=\"853\" height=\"480\" allowfullscreen><\/iframe><\/div>\n<\/p><\/div>\n<\/p>\n<\/div>","protected":false},"excerpt":{"rendered":"<p>Jedes Jahr findet an einem der gr\u00f6\u00dften St\u00fctzpunkte der griechischen Luftwaffe, in Tanagra, die Athens Flying Week statt. Sie gilt als gr\u00f6\u00dfte Flugshow in S\u00fcdosteuropa. Im vergangenen Jahr folgten etwa 50.000\u00a0Zuschauer der Veranstaltung vor Ort, und etwa 150.000 weitere online. Dieses Jahr sollte sie am 5. und 6.\u00a0September stattfinden. Ein tragisches Ungl\u00fcck f\u00fchrte bereits Samstagnachmittag [&hellip;]<\/p>\n","protected":false},"author":1,"featured_media":4846,"comment_status":"closed","ping_status":"closed","sticky":false,"template":"","format":"standard","meta":{"_gspb_post_css":"","_uag_custom_page_level_css":"","fifu_image_url":"","fifu_image_alt":"","footnotes":""},"categories":[5],"tags":[],"class_list":["post-21181","post","type-post","status-publish","format-standard","has-post-thumbnail","hentry","category-politik"],"blocksy_meta":{"styles_descriptor":{"styles":{"desktop":"","tablet":"","mobile":""},"google_fonts":[],"version":8}},"uagb_featured_image_src":{"full":["https:\/\/mleexelnfod5.i.optimole.com\/w:auto\/h:auto\/q:mauto\/f:best\/https:\/\/i2.wp.com\/meiser-tv.de\/wp-content\/uploads\/2026\/05\/RSS-Hintergrund.jpg?w=1920&fit=1920,1080&ssl=1",1920,1080,true],"thumbnail":["https:\/\/mleexelnfod5.i.optimole.com\/w:auto\/h:auto\/q:mauto\/f:best\/https:\/\/i2.wp.com\/meiser-tv.de\/wp-content\/uploads\/2026\/05\/RSS-Hintergrund.jpg?w=150&resize=150,150&ssl=1",150,150,true],"medium":["https:\/\/mleexelnfod5.i.optimole.com\/w:auto\/h:auto\/q:mauto\/f:best\/https:\/\/i2.wp.com\/meiser-tv.de\/wp-content\/uploads\/2026\/05\/RSS-Hintergrund.jpg?w=300&fit=300,300&ssl=1",300,300,true],"medium_large":["https:\/\/mleexelnfod5.i.optimole.com\/w:auto\/h:auto\/q:mauto\/f:best\/https:\/\/i2.wp.com\/meiser-tv.de\/wp-content\/uploads\/2026\/05\/RSS-Hintergrund.jpg?w=768&resize=768,0&ssl=1",768,0,true],"large":["https:\/\/mleexelnfod5.i.optimole.com\/w:auto\/h:auto\/q:mauto\/f:best\/https:\/\/i2.wp.com\/meiser-tv.de\/wp-content\/uploads\/2026\/05\/RSS-Hintergrund.jpg?w=1024&fit=1024,1024&ssl=1",1024,1024,true],"1536x1536":["https:\/\/mleexelnfod5.i.optimole.com\/w:auto\/h:auto\/q:mauto\/f:best\/https:\/\/i2.wp.com\/meiser-tv.de\/wp-content\/uploads\/2026\/05\/RSS-Hintergrund.jpg?w=1536&fit=1536,1536&ssl=1",1536,1536,true],"2048x2048":["https:\/\/mleexelnfod5.i.optimole.com\/w:auto\/h:auto\/q:mauto\/f:best\/https:\/\/i2.wp.com\/meiser-tv.de\/wp-content\/uploads\/2026\/05\/RSS-Hintergrund.jpg?w=2048&fit=2048,2048&ssl=1",2048,2048,true],"trp-custom-language-flag":["https:\/\/mleexelnfod5.i.optimole.com\/w:auto\/h:auto\/q:mauto\/f:best\/https:\/\/i2.wp.com\/meiser-tv.de\/wp-content\/uploads\/2026\/05\/RSS-Hintergrund.jpg?w=18&fit=18,12&ssl=1",18,12,true]},"uagb_author_info":{"display_name":"admin","author_link":"https:\/\/meiser-tv.de\/en\/author\/admin\/"},"uagb_comment_info":0,"uagb_excerpt":"Jedes Jahr findet an einem der gr\u00f6\u00dften St\u00fctzpunkte der griechischen Luftwaffe, in Tanagra, die Athens Flying Week statt. Sie gilt als gr\u00f6\u00dfte Flugshow in S\u00fcdosteuropa. Im vergangenen Jahr folgten etwa 50.000\u00a0Zuschauer der Veranstaltung vor Ort, und etwa 150.000 weitere online. Dieses Jahr sollte sie am 5. und 6.\u00a0September stattfinden. Ein tragisches Ungl\u00fcck f\u00fchrte bereits Samstagnachmittag&hellip;","_links":{"self":[{"href":"https:\/\/meiser-tv.de\/en\/wp-json\/wp\/v2\/posts\/21181","targetHints":{"allow":["GET"]}}],"collection":[{"href":"https:\/\/meiser-tv.de\/en\/wp-json\/wp\/v2\/posts"}],"about":[{"href":"https:\/\/meiser-tv.de\/en\/wp-json\/wp\/v2\/types\/post"}],"author":[{"embeddable":true,"href":"https:\/\/meiser-tv.de\/en\/wp-json\/wp\/v2\/users\/1"}],"replies":[{"embeddable":true,"href":"https:\/\/meiser-tv.de\/en\/wp-json\/wp\/v2\/comments?post=21181"}],"version-history":[{"count":0,"href":"https:\/\/meiser-tv.de\/en\/wp-json\/wp\/v2\/posts\/21181\/revisions"}],"wp:featuredmedia":[{"embeddable":true,"href":"https:\/\/meiser-tv.de\/en\/wp-json\/wp\/v2\/media\/4846"}],"wp:attachment":[{"href":"https:\/\/meiser-tv.de\/en\/wp-json\/wp\/v2\/media?parent=21181"}],"wp:term":[{"taxonomy":"category","embeddable":true,"href":"https:\/\/meiser-tv.de\/en\/wp-json\/wp\/v2\/categories?post=21181"},{"taxonomy":"post_tag","embeddable":true,"href":"https:\/\/meiser-tv.de\/en\/wp-json\/wp\/v2\/tags?post=21181"}],"curies":[{"name":"wp","href":"https:\/\/api.w.org\/{rel}","templated":true}]}}